{"id":7165,"date":"2021-11-03T16:34:35","date_gmt":"2021-11-03T15:34:35","guid":{"rendered":"https:\/\/www.novalfi.com\/Lyon\/?p=7165"},"modified":"2022-01-19T09:49:33","modified_gmt":"2022-01-19T08:49:33","slug":"le-patrimoine-des-personnes-vulnerables","status":"publish","type":"post","link":"https:\/\/www.novalfi.com\/Lyon\/le-patrimoine-des-personnes-vulnerables\/","title":{"rendered":"Le patrimoine des personnes vuln\u00e9rables"},"content":{"rendered":"\n<figure class=\"wp-block-image size-large\"><img loading=\"lazy\" width=\"1024\" height=\"683\" src=\"https:\/\/www.novalfi.com\/Lyon\/wp-content\/uploads\/2021\/11\/Cour_dappel_de_Versailles_facade_interieure_nord-1024x683.jpg\" alt=\"\" class=\"wp-image-7166\" srcset=\"https:\/\/www.novalfi.com\/Lyon\/wp-content\/uploads\/2021\/11\/Cour_dappel_de_Versailles_facade_interieure_nord-1024x683.jpg 1024w, https:\/\/www.novalfi.com\/Lyon\/wp-content\/uploads\/2021\/11\/Cour_dappel_de_Versailles_facade_interieure_nord-300x200.jpg 300w, https:\/\/www.novalfi.com\/Lyon\/wp-content\/uploads\/2021\/11\/Cour_dappel_de_Versailles_facade_interieure_nord-768x512.jpg 768w, https:\/\/www.novalfi.com\/Lyon\/wp-content\/uploads\/2021\/11\/Cour_dappel_de_Versailles_facade_interieure_nord-1536x1025.jpg 1536w, https:\/\/www.novalfi.com\/Lyon\/wp-content\/uploads\/2021\/11\/Cour_dappel_de_Versailles_facade_interieure_nord-2048x1366.jpg 2048w, https:\/\/www.novalfi.com\/Lyon\/wp-content\/uploads\/2021\/11\/Cour_dappel_de_Versailles_facade_interieure_nord-1500x1000.jpg 1500w\" sizes=\"(max-width: 1024px) 100vw, 1024px\" \/><\/figure>\n\n\n\n<div class=\"wp-block-group\"><div class=\"wp-block-group__inner-container\">\n<blockquote class=\"wp-block-quote is-style-large\"><p>Le 22 octobre 2021, Robert DELIMATA est intervenu sur le th\u00e8me de la gestion des gros patrimoines des personnes vuln\u00e9rables : majeurs et mineurs devant les Juges des Contentieux de la Protection (ex des juges de tutelle) du ressort de la Cour d&rsquo;appel de Versailles.<\/p><\/blockquote>\n<\/div><\/div>\n\n\n\n<p>La loi propose diff\u00e9rentes mesures afin de prot\u00e9ger les personnes affaiblies par l&rsquo;\u00e2ge, touch\u00e9es par la maladie, atteintes d&rsquo;un handicap. Les familles disposent aussi de nombreux outils juridiques pour aider et accompagner leurs proches devenus vuln\u00e9rables.<\/p>\n\n\n\n<p><\/p>\n\n\n\n<div class=\"wp-block-group\"><div class=\"wp-block-group__inner-container\">\n<div class=\"wp-block-group\"><div class=\"wp-block-group__inner-container\"><\/div><\/div>\n<\/div><\/div>\n\n\n\n<p><\/p>\n\n\n\n<div class=\"wp-block-cover has-background-dim\" style=\"background-image:url(https:\/\/www.novalfi.com\/Lyon\/wp-content\/uploads\/2021\/05\/Photo_Minisite.jpg)\"><div class=\"wp-block-cover__inner-container\">\n<p class=\"has-text-align-center has-large-font-size\">Vous souhaitez une \u00e9tude personnalis\u00e9e ? <\/p>\n<\/div><\/div>\n\n\n\n<div class=\"wp-block-contact-form-7-contact-form-selector\"><div role=\"form\" class=\"wpcf7\" id=\"wpcf7-f5-o1\" lang=\"en-US\" dir=\"ltr\">\n<div class=\"screen-reader-response\"><p role=\"status\" aria-live=\"polite\" aria-atomic=\"true\"><\/p> <ul><\/ul><\/div>\n<form action=\"\/Lyon\/wp-json\/wp\/v2\/posts\/7165#wpcf7-f5-o1\" method=\"post\" class=\"wpcf7-form init\" novalidate=\"novalidate\" data-status=\"init\">\n<div style=\"display: none;\">\n<input type=\"hidden\" name=\"_wpcf7\" value=\"5\" \/>\n<input type=\"hidden\" name=\"_wpcf7_version\" value=\"5.4.1\" \/>\n<input type=\"hidden\" name=\"_wpcf7_locale\" value=\"en_US\" \/>\n<input type=\"hidden\" name=\"_wpcf7_unit_tag\" value=\"wpcf7-f5-o1\" \/>\n<input type=\"hidden\" name=\"_wpcf7_container_post\" value=\"0\" \/>\n<input type=\"hidden\" name=\"_wpcf7_posted_data_hash\" value=\"\" \/>\n<\/div>\n<p><label> Your Name (required)<br \/>\n    <span class=\"wpcf7-form-control-wrap your-name\"><input type=\"text\" name=\"your-name\" value=\"\" size=\"40\" class=\"wpcf7-form-control wpcf7-text wpcf7-validates-as-required\" aria-required=\"true\" aria-invalid=\"false\" \/><\/span> <\/label><\/p>\n<p><label> Your Email (required)<br \/>\n    <span class=\"wpcf7-form-control-wrap your-email\"><input type=\"email\" name=\"your-email\" value=\"\" size=\"40\" class=\"wpcf7-form-control wpcf7-text wpcf7-email wpcf7-validates-as-required wpcf7-validates-as-email\" aria-required=\"true\" aria-invalid=\"false\" \/><\/span> <\/label><\/p>\n<p><label> Subject<br \/>\n    <span class=\"wpcf7-form-control-wrap your-subject\"><input type=\"text\" name=\"your-subject\" value=\"\" size=\"40\" class=\"wpcf7-form-control wpcf7-text\" aria-invalid=\"false\" \/><\/span> <\/label><\/p>\n<p><label> Your Message<br \/>\n    <span class=\"wpcf7-form-control-wrap your-message\"><textarea name=\"your-message\" cols=\"40\" rows=\"10\" class=\"wpcf7-form-control wpcf7-textarea\" aria-invalid=\"false\"><\/textarea><\/span> <\/label><\/p>\n<p><input type=\"submit\" value=\"Send\" class=\"wpcf7-form-control wpcf7-submit\" \/><\/p>\n<div class=\"wpcf7-response-output\" aria-hidden=\"true\"><\/div><\/form><\/div><\/div>\n","protected":false},"excerpt":{"rendered":"<p>La loi propose diff\u00e9rentes mesures afin de prot\u00e9ger les personnes affaiblies par l&rsquo;\u00e2ge, touch\u00e9es par la maladie, atteintes d&rsquo;un handicap. Les familles disposent aussi de nombreux outils juridiques pour aider et accompagner leurs proches devenus vuln\u00e9rables.<\/p>\n","protected":false},"author":1,"featured_media":0,"comment_status":"open","ping_status":"open","sticky":false,"template":"","format":"standard","meta":[],"categories":[40],"tags":[],"_links":{"self":[{"href":"https:\/\/www.novalfi.com\/Lyon\/wp-json\/wp\/v2\/posts\/7165"}],"collection":[{"href":"https:\/\/www.novalfi.com\/Lyon\/wp-json\/wp\/v2\/posts"}],"about":[{"href":"https:\/\/www.novalfi.com\/Lyon\/wp-json\/wp\/v2\/types\/post"}],"author":[{"embeddable":true,"href":"https:\/\/www.novalfi.com\/Lyon\/wp-json\/wp\/v2\/users\/1"}],"replies":[{"embeddable":true,"href":"https:\/\/www.novalfi.com\/Lyon\/wp-json\/wp\/v2\/comments?post=7165"}],"version-history":[{"count":5,"href":"https:\/\/www.novalfi.com\/Lyon\/wp-json\/wp\/v2\/posts\/7165\/revisions"}],"predecessor-version":[{"id":7174,"href":"https:\/\/www.novalfi.com\/Lyon\/wp-json\/wp\/v2\/posts\/7165\/revisions\/7174"}],"wp:attachment":[{"href":"https:\/\/www.novalfi.com\/Lyon\/wp-json\/wp\/v2\/media?parent=7165"}],"wp:term":[{"taxonomy":"category","embeddable":true,"href":"https:\/\/www.novalfi.com\/Lyon\/wp-json\/wp\/v2\/categories?post=7165"},{"taxonomy":"post_tag","embeddable":true,"href":"https:\/\/www.novalfi.com\/Lyon\/wp-json\/wp\/v2\/tags?post=7165"}],"curies":[{"name":"wp","href":"https:\/\/api.w.org\/{rel}","templated":true}]}}